{"id":2828,"date":"2021-06-29T14:23:00","date_gmt":"2021-06-29T11:23:00","guid":{"rendered":"https:\/\/wgl-demo.net\/transmax\/helping-companies-in-their-green-transition-5\/"},"modified":"2024-03-01T13:28:29","modified_gmt":"2024-03-01T10:28:29","slug":"uluslararasi-kargo-gonderim-sureci","status":"publish","type":"post","link":"https:\/\/multitransport.com.tr\/en\/international-shipping-process\/","title":{"rendered":"International Shipping Process"},"content":{"rendered":"<div data-elementor-type=\"wp-post\" data-elementor-id=\"2828\" class=\"elementor elementor-2828\">\n\t\t\t\t\t\t<section class=\"elementor-section elementor-top-section elementor-element elementor-element-760dc26 elementor-section-boxed elementor-section-height-default elementor-section-height-default\" data-id=\"760dc26\" data-element_type=\"section\">\n\t\t\t\t\t\t<div class=\"elementor-container elementor-column-gap-default\">\n\t\t\t\t\t<div class=\"elementor-column elementor-col-100 elementor-top-column elementor-element elementor-element-2c95af9\" data-id=\"2c95af9\" data-element_type=\"column\">\n\t\t\t<div class=\"elementor-widget-wrap elementor-element-populated\">\n\t\t\t\t\t\t<div class=\"elementor-element elementor-element-0b0a1aa elementor-widget elementor-widget-text-editor\" data-id=\"0b0a1aa\" data-element_type=\"widget\" data-widget_type=\"text-editor.default\">\n\t\t\t\t<div class=\"elementor-widget-container\">\n\t\t\t\t\t\t\t\t\t<h1 class=\"aheto-heading__title\">International Shipping Process<\/h1>\nUluslararas\u0131 kargo g\u00f6nderim s\u00fcreci, bir \u00fclkeden di\u011ferine yap\u0131lan uluslararas\u0131 ta\u015f\u0131mac\u0131l\u0131k i\u015flemini kapsar. Bu s\u00fcre\u00e7, bir dizi ad\u0131mdan olu\u015fur ve do\u011fru planlama, belge haz\u0131rl\u0131\u011f\u0131, ambalajlama, ta\u015f\u0131ma, g\u00fcmr\u00fck i\u015flemleri ve teslimat gibi a\u015famalar\u0131 i\u00e7erir. \u0130\u015fte<span>\u00a0<\/span><strong>uluslararas\u0131 kargo<\/strong><span>\u00a0<\/span>g\u00f6nderim s\u00fcrecinin ayr\u0131nt\u0131lar\u0131:\n<h2><strong>G\u00f6nderinin Haz\u0131rlanmas\u0131<\/strong><\/h2>\nUluslararas\u0131 bir kargo g\u00f6nderimi yapmadan \u00f6nce, g\u00f6nderinin do\u011fru \u015fekilde haz\u0131rlanmas\u0131 \u00f6nemlidir. G\u00f6nderinin \u00f6zelliklerine ba\u011fl\u0131 olarak, uygun ambalajlama malzemeleri se\u00e7ilmeli ve \u00fcr\u00fcnlerin g\u00fcvenli bir \u015fekilde paketlenmesi sa\u011flanmal\u0131d\u0131r. \u00dcr\u00fcnlerin a\u011f\u0131rl\u0131\u011f\u0131, boyutu, hassasiyeti ve ta\u015f\u0131ma ko\u015fullar\u0131 dikkate al\u0131narak do\u011fru ambalajlama y\u00f6ntemleri belirlenmelidir.\n<h2><strong>Belgelerin Haz\u0131rlanmas\u0131<\/strong><\/h2>\nUluslararas\u0131 kargo g\u00f6nderimi i\u00e7in gerekli olan belgelerin d\u00fczenlenmesi gerekmektedir. Bu belgeler genellikle fatura, paket i\u00e7eri\u011fi beyan\u0131, g\u00fcmr\u00fck beyannamesi, ta\u015f\u0131ma s\u00f6zle\u015fmesi ve di\u011fer ilgili belgeleri i\u00e7erir. Her \u00fclkenin farkl\u0131 g\u00fcmr\u00fck ve ta\u015f\u0131ma gereksinimleri olabilece\u011finden, do\u011fru belgelerin haz\u0131rlanmas\u0131 ve gereksinimlerin yerine getirilmesi \u00f6nemlidir.\n<h2><strong>Ta\u015f\u0131ma Se\u00e7eneklerinin De\u011ferlendirilmesi<\/strong><\/h2>\nUluslararas\u0131 kargo g\u00f6nderimi i\u00e7in farkl\u0131 ta\u015f\u0131ma se\u00e7enekleri mevcuttur. Hava yolu, deniz yolu ve kara yolu gibi farkl\u0131 ta\u015f\u0131ma modlar\u0131 aras\u0131ndan en uygun olan\u0131 se\u00e7mek gerekmektedir. Se\u00e7ilen ta\u015f\u0131ma moduna ba\u011fl\u0131 olarak, g\u00f6nderinin teslimat s\u00fcresi, maliyeti ve di\u011fer fakt\u00f6rler de\u011fi\u015febilir.\n<h2><strong>G\u00fcmr\u00fck \u0130\u015flemleri<\/strong><\/h2>\nUluslararas\u0131 kargo g\u00f6nderiminde g\u00fcmr\u00fck i\u015flemleri \u00f6nemli bir ad\u0131md\u0131r. G\u00f6nderinin hedef \u00fclkeye giri\u015fi i\u00e7in g\u00fcmr\u00fck prosed\u00fcrlerine uyulmas\u0131 gerekmektedir. G\u00fcmr\u00fck beyannamesi ve di\u011fer belgeler, g\u00fcmr\u00fck yetkililerine sunulmal\u0131 ve gereksinimler kar\u015f\u0131lanmal\u0131d\u0131r. G\u00fcmr\u00fck i\u015flemleri s\u0131ras\u0131nda vergi, g\u00fcmr\u00fck vergisi veya ithalat k\u0131s\u0131tlamalar\u0131 gibi fakt\u00f6rler de g\u00f6z \u00f6n\u00fcnde bulundurulmal\u0131d\u0131r.\n<h2><strong>Takip ve \u0130zleme<\/strong><\/h2>\nUluslararas\u0131 kargo g\u00f6nderimi s\u0131ras\u0131nda takip ve izleme s\u00fcreci \u00f6nemlidir. Kargo takip numaras\u0131 kullan\u0131larak g\u00f6nderinin nerede oldu\u011fu ve ne zaman teslim edilece\u011fi izlenebilir. Bu, hem g\u00f6nderici hem de al\u0131c\u0131 i\u00e7in g\u00fcvenli ve g\u00fcvenilir bir teslimat s\u00fcrecini sa\u011flar.\n<h2><strong>Teslimat<\/strong><\/h2>\nUluslararas\u0131 kargo g\u00f6nderimi, hedef \u00fclkeye ula\u015ft\u0131\u011f\u0131nda son a\u015famaya gelir. Kargo, yerel kurye veya da\u011f\u0131t\u0131m \u015firketi taraf\u0131ndan al\u0131c\u0131ya teslim edilir. Do\u011fru ve g\u00fcvenli bir teslimat i\u00e7in al\u0131c\u0131n\u0131n ileti\u015fim bilgileri do\u011fru \u015fekilde sa\u011flanmal\u0131 ve teslimat s\u00fcreci takip edilmelidir.\n\nUluslararas\u0131 kargo g\u00f6nderim s\u00fcreci, do\u011fru planlama, belge haz\u0131rl\u0131\u011f\u0131 ve uygun ta\u015f\u0131ma y\u00f6ntemlerinin se\u00e7imi ile ba\u015far\u0131l\u0131 bir \u015fekilde ger\u00e7ekle\u015ftirilebilir. G\u00f6nderici ve al\u0131c\u0131, s\u00fcrecin her ad\u0131m\u0131nda dikkatli olmal\u0131 ve gereken t\u00fcm \u00f6nlemleri almal\u0131d\u0131r.\t\t\t\t\t\t\t\t<\/div>\n\t\t\t\t<\/div>\n\t\t\t\t\t<\/div>\n\t\t<\/div>\n\t\t\t\t\t<\/div>\n\t\t<\/section>\n\t\t\t\t<section class=\"elementor-section elementor-top-section elementor-element elementor-element-99a2b7f elementor-section-boxed elementor-section-height-default elementor-section-height-default\" data-id=\"99a2b7f\" data-element_type=\"section\">\n\t\t\t\t\t\t<div class=\"elementor-container elementor-column-gap-default\">\n\t\t\t\t\t<div class=\"elementor-column elementor-col-100 elementor-top-column elementor-element elementor-element-bb7a713\" data-id=\"bb7a713\" data-element_type=\"column\">\n\t\t\t<div class=\"elementor-widget-wrap elementor-element-populated\">\n\t\t\t\t\t\t<div class=\"elementor-element elementor-element-e140e38 elementor-widget elementor-widget-spacer\" data-id=\"e140e38\" data-element_type=\"widget\" data-widget_type=\"spacer.default\">\n\t\t\t\t<div class=\"elementor-widget-container\">\n\t\t\t\t\t\t\t<div class=\"elementor-spacer\">\n\t\t\t<div class=\"elementor-spacer-inner\"><\/div>\n\t\t<\/div>\n\t\t\t\t\t\t<\/div>\n\t\t\t\t<\/div>\n\t\t\t\t<div class=\"elementor-element elementor-element-289375f elementor-widget elementor-widget-spacer\" data-id=\"289375f\" data-element_type=\"widget\" data-widget_type=\"spacer.default\">\n\t\t\t\t<div class=\"elementor-widget-container\">\n\t\t\t\t\t\t\t<div class=\"elementor-spacer\">\n\t\t\t<div class=\"elementor-spacer-inner\"><\/div>\n\t\t<\/div>\n\t\t\t\t\t\t<\/div>\n\t\t\t\t<\/div>\n\t\t\t\t\t<\/div>\n\t\t<\/div>\n\t\t\t\t\t<\/div>\n\t\t<\/section>\n\t\t\t\t<\/div>","protected":false},"excerpt":{"rendered":"<p>Uluslararas\u0131 Kargo G\u00f6nderim S\u00fcreci Uluslararas\u0131 kargo g\u00f6nderim s\u00fcreci, bir \u00fclkeden di\u011ferine yap\u0131lan uluslararas\u0131 ta\u015f\u0131mac\u0131l\u0131k i\u015flemini kapsar. Bu s\u00fcre\u00e7, bir dizi ad\u0131mdan olu\u015fur ve do\u011fru planlama, belge haz\u0131rl\u0131\u011f\u0131, ambalajlama, ta\u015f\u0131ma, g\u00fcmr\u00fck i\u015flemleri ve teslimat gibi a\u015famalar\u0131 i\u00e7erir. \u0130\u015fte\u00a0uluslararas\u0131 kargo\u00a0g\u00f6nderim s\u00fcrecinin ayr\u0131nt\u0131lar\u0131: G\u00f6nderinin Haz\u0131rlanmas\u0131 Uluslararas\u0131 bir kargo g\u00f6nderimi yapmadan \u00f6nce, g\u00f6nderinin do\u011fru \u015fekilde haz\u0131rlanmas\u0131 \u00f6nemlidir. G\u00f6nderinin \u00f6zelliklerine [&hellip;]<\/p>","protected":false},"author":1,"featured_media":2829,"comment_status":"open","ping_status":"open","sticky":true,"template":"","format":"standard","meta":{"footnotes":""},"categories":[1],"tags":[58,60,59],"class_list":["post-2828","post","type-post","status-publish","format-standard","has-post-thumbnail","hentry","category-bilgi-merkezi","tag-kargo","tag-lojistik","tag-teslimat"],"_links":{"self":[{"href":"https:\/\/multitransport.com.tr\/en\/wp-json\/wp\/v2\/posts\/2828","targetHints":{"allow":["GET"]}}],"collection":[{"href":"https:\/\/multitransport.com.tr\/en\/wp-json\/wp\/v2\/posts"}],"about":[{"href":"https:\/\/multitransport.com.tr\/en\/wp-json\/wp\/v2\/types\/post"}],"author":[{"embeddable":true,"href":"https:\/\/multitransport.com.tr\/en\/wp-json\/wp\/v2\/users\/1"}],"replies":[{"embeddable":true,"href":"https:\/\/multitransport.com.tr\/en\/wp-json\/wp\/v2\/comments?post=2828"}],"version-history":[{"count":8,"href":"https:\/\/multitransport.com.tr\/en\/wp-json\/wp\/v2\/posts\/2828\/revisions"}],"predecessor-version":[{"id":7033,"href":"https:\/\/multitransport.com.tr\/en\/wp-json\/wp\/v2\/posts\/2828\/revisions\/7033"}],"wp:featuredmedia":[{"embeddable":true,"href":"https:\/\/multitransport.com.tr\/en\/wp-json\/wp\/v2\/media\/2829"}],"wp:attachment":[{"href":"https:\/\/multitransport.com.tr\/en\/wp-json\/wp\/v2\/media?parent=2828"}],"wp:term":[{"taxonomy":"category","embeddable":true,"href":"https:\/\/multitransport.com.tr\/en\/wp-json\/wp\/v2\/categories?post=2828"},{"taxonomy":"post_tag","embeddable":true,"href":"https:\/\/multitransport.com.tr\/en\/wp-json\/wp\/v2\/tags?post=2828"}],"curies":[{"name":"wp","href":"https:\/\/api.w.org\/{rel}","templated":true}]}}